{"id":71883,"date":"2026-04-29T12:59:31","date_gmt":"2026-04-29T16:59:31","guid":{"rendered":"https:\/\/inces.gob.ve\/?p=71883"},"modified":"2026-04-29T14:28:23","modified_gmt":"2026-04-29T18:28:23","slug":"inces-promueve-cultura-de-prevencion-en-los-mas-pequenos-por-el-dia-mundial-de-la-seguridad-y-salud-en-el-trabajo","status":"publish","type":"post","link":"https:\/\/inces.gob.ve\/index.php\/2026\/04\/29\/inces-promueve-cultura-de-prevencion-en-los-mas-pequenos-por-el-dia-mundial-de-la-seguridad-y-salud-en-el-trabajo\/","title":{"rendered":"Inces promueve cultura de prevenci\u00f3n en los m\u00e1s peque\u00f1os por el D\u00eda Mundial de la Seguridad y Salud en el Trabajo"},"content":{"rendered":"<div dir=\"ltr\" style=\"text-align: justify;\">\n<p style=\"text-align: justify;\"><span style=\"font-family: helvetica, arial, sans-serif; font-size: 18px;\"><em><strong>** En el marco de la conmemoraci\u00f3n del D\u00eda Internacional de la Seguridad y Salud en el Trabajo, una efem\u00e9ride impulsada por la Organizaci\u00f3n Internacional del Trabajo (OIT) desde el a\u00f1o 2003, la Oficina de Servicios de Seguridad y Salud en el Trabajo del Instituto Nacional de Capacitaci\u00f3n y Educaci\u00f3n Socialista Inces, organiz\u00f3 una jornada especial dedicada a fomentar la prevenci\u00f3n desde la infancia. _<\/strong><\/em><\/span><\/p>\n<p style=\"text-align: justify;\"><span style=\"font-family: helvetica, arial, sans-serif; font-size: 18px;\"><!--more--><\/span><\/p>\n<\/div>\n<div dir=\"ltr\" style=\"text-align: justify;\"><\/div>\n<div dir=\"ltr\" style=\"text-align: justify;\"><span style=\"font-family: helvetica, arial, sans-serif; font-size: 18px;\">Duglianny Ram\u00edrez<\/span><\/div>\n<div dir=\"ltr\" style=\"text-align: justify;\"><\/div>\n<div dir=\"ltr\" style=\"text-align: justify;\">\n<div dir=\"ltr\" style=\"text-align: justify;\"><span style=\"font-family: helvetica, arial, sans-serif; font-size: 18px;\">Las actividades tuvieron lugar en las instalaciones del Preescolar \u00a0SEI Inces, donde los ni\u00f1os, ni\u00f1as y personal docente y administrativo participaron en un ambiente creado para ofrecer conceptos fundamentales sobre el cuidado f\u00edsico y la respuesta ante emergencias de manera l\u00fadica y cercana.<\/span><\/div>\n<div dir=\"ltr\"><\/div>\n<\/div>\n<div dir=\"ltr\" style=\"text-align: justify;\"><\/div>\n<div dir=\"ltr\">\n<div dir=\"ltr\" style=\"text-align: justify;\">\n<p><img loading=\"lazy\" decoding=\"async\" class=\"aligncenter wp-image-71869 size-full\" src=\"https:\/\/inces.gob.ve\/wp-content\/uploads\/2026\/04\/WhatsApp-Image-2026-04-29-at-11.59.43-AM-2-e1777480104656.jpeg\" alt=\"\" width=\"800\" height=\"534\" \/><\/p>\n<p><span style=\"font-family: helvetica, arial, sans-serif; font-size: 18px;\">Durante el evento, se desplegaron diversas estaciones de aprendizaje que permitieron a los m\u00e1s peque\u00f1os interactuar con protocolos de seguridad adaptados a su edad. Los participantes conocieron la importancia y el uso correcto de los equipos de protecci\u00f3n personal (EPP), practicaron nociones b\u00e1sicas de reanimaci\u00f3n cardiopulmonar (RCP) y resolvieron rompecabezas tem\u00e1ticos. Asimismo, se impartieron gu\u00edas pr\u00e1cticas sobre la autoprotecci\u00f3n en caso de sismos, fortaleciendo la capacidad de respuesta de los ni\u00f1os ante eventos naturales mediante din\u00e1micas que priorizaron el trabajo en equipo y la agilidad en relevos.<\/span><\/p>\n<\/div>\n<div dir=\"ltr\" style=\"text-align: justify;\"><\/div>\n<div dir=\"ltr\" style=\"text-align: justify;\"><img loading=\"lazy\" decoding=\"async\" class=\"aligncenter wp-image-71876 size-full\" src=\"https:\/\/inces.gob.ve\/wp-content\/uploads\/2026\/04\/WhatsApp-Image-2026-04-29-at-11.59.43-AM-6-e1777480163580.jpeg\" alt=\"\" width=\"800\" height=\"463\" \/><br \/>\n<span style=\"font-family: helvetica, arial, sans-serif; font-size: 18px;\">Uno de los momentos m\u00e1s destacados de la jornada fue la participaci\u00f3n especial de los Bomberos del Distrito Capital, quienes realizaron una demostraci\u00f3n canina de obediencia y b\u00fasqueda de personas. Los caninos \u201cAraya\u201d y \u201cTokio\u201d captaron la atenci\u00f3n de todos en la instituci\u00f3n educativa, mostrando las habilidades de rescate y disciplina que estos animales aportan en situaciones de riesgo.<\/span><\/div>\n<div dir=\"ltr\" style=\"text-align: justify;\"><img loading=\"lazy\" decoding=\"async\" class=\"aligncenter wp-image-71871 size-full\" src=\"https:\/\/inces.gob.ve\/wp-content\/uploads\/2026\/04\/WhatsApp-Image-2026-04-29-at-11.59.43-AM-3-e1777480214515.jpeg\" alt=\"\" width=\"800\" height=\"534\" \/><br \/>\n<span style=\"font-family: helvetica, arial, sans-serif; font-size: 18px;\">Esta exhibici\u00f3n no solo entretuvo a los presentes, sino que tambi\u00e9n sirvi\u00f3 para sensibilizar a los ni\u00f1os sobre el rol vital que cumplen los cuerpos de seguridad y sus unidades especializadas en la protecci\u00f3n de la vida.<\/span><\/div>\n<div dir=\"ltr\" style=\"text-align: justify;\"><\/div>\n<div dir=\"ltr\" style=\"text-align: justify;\"><\/div>\n<div dir=\"ltr\" style=\"text-align: justify;\"><img loading=\"lazy\" decoding=\"async\" class=\"aligncenter wp-image-71870 size-full\" src=\"https:\/\/inces.gob.ve\/wp-content\/uploads\/2026\/04\/WhatsApp-Image-2026-04-29-at-11.59.43-AM-e1777480262423.jpeg\" alt=\"\" width=\"800\" height=\"481\" \/><br \/>\n<span style=\"font-family: helvetica, arial, sans-serif; font-size: 18px;\">Al integrar el juego con el conocimiento t\u00e9cnico, la instituci\u00f3n logra que conceptos complejos como la seguridad laboral se conviertan en h\u00e1bitos cotidianos para las futuras generaciones, celebrando este d\u00eda internacional no solo como un recordatorio normativo, sino como una fiesta del aprendizaje y la protecci\u00f3n colectiva.<\/span><\/div>\n<p style=\"text-align: justify;\"><img loading=\"lazy\" decoding=\"async\" class=\"aligncenter wp-image-71875 size-full\" src=\"https:\/\/inces.gob.ve\/wp-content\/uploads\/2026\/04\/WhatsApp-Image-2026-04-29-at-11.59.43-AM-7-e1777480308757.jpeg\" alt=\"\" width=\"800\" height=\"517\" \/><\/p>\n<p style=\"text-align: justify;\"><img loading=\"lazy\" decoding=\"async\" class=\"aligncenter wp-image-71878 \" src=\"https:\/\/inces.gob.ve\/wp-content\/uploads\/2026\/04\/FOTO-Mejorada-00004-30-e1777481234706.jpeg\" alt=\"\" width=\"785\" height=\"651\" \/><\/p>\n<p>&nbsp;<\/p>\n<\/div>\n","protected":false},"excerpt":{"rendered":"<p>** En el marco de la conmemoraci\u00f3n del D\u00eda Internacional de la Seguridad y Salud en el Trabajo, una efem\u00e9ride impulsada por la Organizaci\u00f3n Internacional del Trabajo (OIT) desde el a\u00f1o 2003, la Oficina de Servicios de Seguridad y Salud en el Trabajo del Instituto Nacional de Capacitaci\u00f3n y Educaci\u00f3n Socialista Inces, organiz\u00f3 una jornada [&hellip;]<\/p>\n","protected":false},"author":15,"featured_media":71877,"comment_status":"closed","ping_status":"closed","sticky":false,"template":"","format":"standard","meta":{"footnotes":""},"categories":[2],"tags":[],"class_list":["post-71883","post","type-post","status-publish","format-standard","has-post-thumbnail","hentry","category-blog"],"_links":{"self":[{"href":"https:\/\/inces.gob.ve\/index.php\/wp-json\/wp\/v2\/posts\/71883","targetHints":{"allow":["GET"]}}],"collection":[{"href":"https:\/\/inces.gob.ve\/index.php\/wp-json\/wp\/v2\/posts"}],"about":[{"href":"https:\/\/inces.gob.ve\/index.php\/wp-json\/wp\/v2\/types\/post"}],"author":[{"embeddable":true,"href":"https:\/\/inces.gob.ve\/index.php\/wp-json\/wp\/v2\/users\/15"}],"replies":[{"embeddable":true,"href":"https:\/\/inces.gob.ve\/index.php\/wp-json\/wp\/v2\/comments?post=71883"}],"version-history":[{"count":3,"href":"https:\/\/inces.gob.ve\/index.php\/wp-json\/wp\/v2\/posts\/71883\/revisions"}],"predecessor-version":[{"id":71886,"href":"https:\/\/inces.gob.ve\/index.php\/wp-json\/wp\/v2\/posts\/71883\/revisions\/71886"}],"wp:featuredmedia":[{"embeddable":true,"href":"https:\/\/inces.gob.ve\/index.php\/wp-json\/wp\/v2\/media\/71877"}],"wp:attachment":[{"href":"https:\/\/inces.gob.ve\/index.php\/wp-json\/wp\/v2\/media?parent=71883"}],"wp:term":[{"taxonomy":"category","embeddable":true,"href":"https:\/\/inces.gob.ve\/index.php\/wp-json\/wp\/v2\/categories?post=71883"},{"taxonomy":"post_tag","embeddable":true,"href":"https:\/\/inces.gob.ve\/index.php\/wp-json\/wp\/v2\/tags?post=71883"}],"curies":[{"name":"wp","href":"https:\/\/api.w.org\/{rel}","templated":true}]}}