{"id":71887,"date":"2026-04-29T15:02:23","date_gmt":"2026-04-29T19:02:23","guid":{"rendered":"https:\/\/inces.gob.ve\/?p=71887"},"modified":"2026-04-29T16:03:12","modified_gmt":"2026-04-29T20:03:12","slug":"barinas-inces-continua-atendiendo-al-empresariado-durante-el-mes-de-abril","status":"publish","type":"post","link":"https:\/\/inces.gob.ve\/index.php\/2026\/04\/29\/barinas-inces-continua-atendiendo-al-empresariado-durante-el-mes-de-abril\/","title":{"rendered":"BARINAS | Inces contin\u00faa atendiendo al empresariado durante el mes de abril"},"content":{"rendered":"<p style=\"font-weight: 400; text-align: justify;\"><em><strong><span style=\"font-family: helvetica, arial, sans-serif; font-size: 18px;\">** La instituci\u00f3n fortaleci\u00f3 alianzas con sectores productivos y tecnol\u00f3gicos para impulsar procesos formativos y de innovaci\u00f3n en la entidad regional.<\/span><\/strong><\/em><!--more--><\/p>\n<p style=\"font-weight: 400; text-align: justify;\"><span style=\"font-family: helvetica, arial, sans-serif; font-size: 18px;\">HIRASYANEL BAYONA<\/span><\/p>\n<p style=\"font-weight: 400; text-align: justify;\"><span style=\"font-family: helvetica, arial, sans-serif; font-size: 18px;\">El coordinador de entidades de trabajo, Jes\u00fas Hern\u00e1ndez, inform\u00f3 que el Inces Barinas ha atendido aproximadamente 24 organizaciones laborales durante el transcurso del mes de abril. Esta gesti\u00f3n, correspondiente al segundo trimestre del a\u00f1o, integr\u00f3 a instituciones p\u00fablicas y privadas entre las que est\u00e1n la Gobernaci\u00f3n de Barinas, Galletera Italia, Mercal, Corsobain e Inparques.<\/span><\/p>\n<p style=\"font-weight: 400; text-align: justify;\"><span style=\"font-family: helvetica, arial, sans-serif; font-size: 18px;\">Del total de entidades abordadas, 10 mantienen procesos formativos en desarrollo, una finaliz\u00f3 sus actividades y 13 programaron el inicio de sus capacitaciones para fechas pr\u00f3ximas. Hern\u00e1ndez destac\u00f3 el compromiso del sector productivo con la actualizaci\u00f3n de los perfiles profesionales de sus trabajadores.<\/span><\/p>\n<p>&nbsp;<\/p>\n<p style=\"font-weight: 400; text-align: justify;\"><img loading=\"lazy\" decoding=\"async\" class=\"aligncenter wp-image-71889 size-full\" src=\"https:\/\/inces.gob.ve\/wp-content\/uploads\/2026\/04\/IMG_20260423_144104_859-e1777489292641.jpg\" alt=\"\" width=\"800\" height=\"513\" \/><\/p>\n<p style=\"font-weight: 400; text-align: justify;\"><span style=\"font-family: helvetica, arial, sans-serif; font-size: 18px;\">Hern\u00e1ndez explic\u00f3 que en el marco de las pol\u00edticas dictadas por el Ministerio del Poder Popular de Industrias y Comercio Nacional, se concretaron encuentros con representantes de la Empresa Socialista Maquinarias Barinas, S.A. y la f\u00e1brica ensambladora de camiones Mazven, C.A. , refiriendo en tal sentido lo siguiente \u00abSostuvimos reuniones para coordinar la formaci\u00f3n de los trabajadores de dichas entidades en respuesta a lo solicitado por el ministerio\u00bb.<\/span><\/p>\n<p style=\"font-weight: 400; text-align: justify;\"><span style=\"font-family: helvetica, arial, sans-serif; font-size: 18px;\">Asimismo, el gerente regional, Alvaro Oviedo, celebr\u00f3 una sesi\u00f3n de trabajo con directivos de Fundabit. El encuentro busc\u00f3 la consolidaci\u00f3n de programas de estudio en \u00e1reas de rob\u00f3tica. Sobre este particular, Oviedo, expres\u00f3: \u00abEsta alianza estrat\u00e9gica busca consolidar programas de formaci\u00f3n de vanguardia en las \u00e1reas de rob\u00f3tica y tecnolog\u00eda, garantizando que nuestros participantes cuenten con las herramientas necesarias para los retos del futuro\u00bb.<\/span><\/p>\n<p style=\"font-weight: 400; text-align: justify;\"><span style=\"font-family: helvetica, arial, sans-serif; font-size: 18px;\">La agenda institucional para la siguiente semana contempla visitas a la Corporaci\u00f3n Digicable y la Fundaci\u00f3n del Ni\u00f1o en el municipio Pedraza. Asimismo, el cronograma incluye abordajes en PDVSA Gas Comunal, la Alcald\u00eda de Barinas y la Fundaci\u00f3n de Edificaciones y Dotaciones Educativas (FEDE), entre otras instituciones.<\/span><\/p>\n","protected":false},"excerpt":{"rendered":"<p>** La instituci\u00f3n fortaleci\u00f3 alianzas con sectores productivos y tecnol\u00f3gicos para impulsar procesos formativos y de innovaci\u00f3n en la entidad regional.<\/p>\n","protected":false},"author":15,"featured_media":71890,"comment_status":"closed","ping_status":"closed","sticky":false,"template":"","format":"standard","meta":{"footnotes":""},"categories":[2],"tags":[],"class_list":["post-71887","post","type-post","status-publish","format-standard","has-post-thumbnail","hentry","category-blog"],"_links":{"self":[{"href":"https:\/\/inces.gob.ve\/index.php\/wp-json\/wp\/v2\/posts\/71887","targetHints":{"allow":["GET"]}}],"collection":[{"href":"https:\/\/inces.gob.ve\/index.php\/wp-json\/wp\/v2\/posts"}],"about":[{"href":"https:\/\/inces.gob.ve\/index.php\/wp-json\/wp\/v2\/types\/post"}],"author":[{"embeddable":true,"href":"https:\/\/inces.gob.ve\/index.php\/wp-json\/wp\/v2\/users\/15"}],"replies":[{"embeddable":true,"href":"https:\/\/inces.gob.ve\/index.php\/wp-json\/wp\/v2\/comments?post=71887"}],"version-history":[{"count":2,"href":"https:\/\/inces.gob.ve\/index.php\/wp-json\/wp\/v2\/posts\/71887\/revisions"}],"predecessor-version":[{"id":71892,"href":"https:\/\/inces.gob.ve\/index.php\/wp-json\/wp\/v2\/posts\/71887\/revisions\/71892"}],"wp:featuredmedia":[{"embeddable":true,"href":"https:\/\/inces.gob.ve\/index.php\/wp-json\/wp\/v2\/media\/71890"}],"wp:attachment":[{"href":"https:\/\/inces.gob.ve\/index.php\/wp-json\/wp\/v2\/media?parent=71887"}],"wp:term":[{"taxonomy":"category","embeddable":true,"href":"https:\/\/inces.gob.ve\/index.php\/wp-json\/wp\/v2\/categories?post=71887"},{"taxonomy":"post_tag","embeddable":true,"href":"https:\/\/inces.gob.ve\/index.php\/wp-json\/wp\/v2\/tags?post=71887"}],"curies":[{"name":"wp","href":"https:\/\/api.w.org\/{rel}","templated":true}]}}