{"id":71893,"date":"2026-04-29T16:15:12","date_gmt":"2026-04-29T20:15:12","guid":{"rendered":"https:\/\/inces.gob.ve\/?p=71893"},"modified":"2026-04-30T15:28:12","modified_gmt":"2026-04-30T19:28:12","slug":"yaracuy-inces-y-sector-empresarial-articulan-esfuerzos-para-garantizar-formacion-tecnica","status":"publish","type":"post","link":"https:\/\/inces.gob.ve\/index.php\/2026\/04\/29\/yaracuy-inces-y-sector-empresarial-articulan-esfuerzos-para-garantizar-formacion-tecnica\/","title":{"rendered":"YARACUY |  Inces y sector empresarial articulan esfuerzos para garantizar formaci\u00f3n t\u00e9cnica"},"content":{"rendered":"<p style=\"text-align: justify;\"><strong><span style=\"font-family: helvetica, arial, sans-serif; font-size: 18px;\"><em>***La meta es dar respuestas a las necesidades formativas que existen dentro de las empresas p\u00fablicas y privadas<\/em><\/span><\/strong><!--more--><\/p>\n<p>&nbsp;<\/p>\n<p style=\"text-align: justify;\"><span style=\"font-family: helvetica, arial, sans-serif; font-size: 18px;\"><strong>YOLAICE VARGAS<\/strong><\/span><\/p>\n<p style=\"text-align: justify;\"><span style=\"font-family: helvetica, arial, sans-serif; font-size: 18px;\">Con el objetivo de atender las necesidades formativas que existe dentro de las empresas tanto p\u00fablicas como privadas, el Instituto Nacional de Capacitaci\u00f3n y Educaci\u00f3n Socialista (Inces), regi\u00f3n Yaracuy, realiz\u00f3 mesa de trabajo interinstitucional para articular un plan de formaci\u00f3n que d\u00e9 respuestas efectivas al sector.<\/span><\/p>\n<p>&nbsp;<\/p>\n<p style=\"text-align: justify;\"><span style=\"font-family: helvetica, arial, sans-serif; font-size: 18px;\">La mesa estuvo direccionada por el gerente regional de la instituci\u00f3n, Dalvi Torrealba, acompa\u00f1ado por el jefe de Divisi\u00f3n de Formaci\u00f3n Profesional, Rafael Arias; la responsable del \u00e1mbito Entidades de Trabajo, Johana Garc\u00eda, en representaci\u00f3n de los entes empresariales e instituciones estuvieron presentes; el director regional de Industria, Comercio y Turismo, Luis Ortega; la directora regional del Ministerio del Poder Popular para el Proceso Social del Trabajo, Migdelis Campos; la presidenta de la C\u00e1mara de Comercio e Industrias del estado, Marvic Prado y en representaci\u00f3n del Instituto Nacional de Desarrollo de la Peque\u00f1a y Mediana Industria (Inapymi), \u00d3scar Pacheco.<\/span><\/p>\n<p>&nbsp;<\/p>\n<p><img loading=\"lazy\" decoding=\"async\" class=\"wp-image-71894 aligncenter\" src=\"https:\/\/inces.gob.ve\/wp-content\/uploads\/2026\/04\/WhatsApp-Image-2026-04-22-at-8.55.43-PM1-e1777493163506.jpeg\" alt=\"\" width=\"783\" height=\"470\" srcset=\"https:\/\/inces.gob.ve\/wp-content\/uploads\/2026\/04\/WhatsApp-Image-2026-04-22-at-8.55.43-PM1-e1777493163506.jpeg 1016w, https:\/\/inces.gob.ve\/wp-content\/uploads\/2026\/04\/WhatsApp-Image-2026-04-22-at-8.55.43-PM1-e1777493163506-300x180.jpeg 300w, https:\/\/inces.gob.ve\/wp-content\/uploads\/2026\/04\/WhatsApp-Image-2026-04-22-at-8.55.43-PM1-e1777493163506-768x461.jpeg 768w\" sizes=\"auto, (max-width: 783px) 100vw, 783px\" \/><\/p>\n<p style=\"text-align: justify;\"><span style=\"font-family: helvetica, arial, sans-serif; font-size: 18px;\">Durante el desarrollo de la mesa cada uno explic\u00f3 acerca de las \u00e1reas de fortaleza con que cuenta cada sector, as\u00ed como las que deben ser reforzadas en cuanto a la formaci\u00f3n t\u00e9cnica profesional, dejando claro que la alianza con el Inces es un gran paso para la consolidaci\u00f3n de este proyecto tan ambicioso como lo es la capacitaci\u00f3n de toda la clase obrera del estado.<\/span><\/p>\n<p>&nbsp;<\/p>\n<p><img loading=\"lazy\" decoding=\"async\" class=\"aligncenter wp-image-71896 size-full\" src=\"https:\/\/inces.gob.ve\/wp-content\/uploads\/2026\/04\/WhatsApp-Image-2026-04-22-at-8.55.43-PM3-e1777493247165.jpeg\" alt=\"\" width=\"800\" height=\"554\" \/><\/p>\n<p style=\"text-align: justify;\"><span style=\"font-family: helvetica, arial, sans-serif; font-size: 18px;\">Las partes involucradas acordaron en primera medida realizar un abordaje para diagnosticar las necesidades formativas espec\u00edficamente de dos empresas del estado (Gas Yaracuy y Cementos Yaracuy), por otra parte los representantes de la C\u00e1mara de Comercio e Industrias, a trav\u00e9s de un instrumento elaborado por el Inces realizaran un censo entre el sector comercial e industrial para detectar las necesidades formativas de las empresas agremiadas.<\/span><\/p>\n<p>&nbsp;<\/p>\n<p style=\"text-align: justify;\"><span style=\"font-family: helvetica, arial, sans-serif; font-size: 18px;\">Es importante destacar que se busca adem\u00e1s dise\u00f1ar programas formativos que respondan al nuevo modelo curricular Inces y que se adapten a la realidad del mercado laboral, as\u00ed como generar alianzas estrat\u00e9gicas para pr\u00e1cticas profesionales, y por \u00faltimo la capacitaci\u00f3n de maestros pueblos para que puedan transmitir saberes t\u00e9cnicos.<\/span><\/p>\n<p>&nbsp;<\/p>\n<p><img loading=\"lazy\" decoding=\"async\" class=\"aligncenter wp-image-71897 size-full\" src=\"https:\/\/inces.gob.ve\/wp-content\/uploads\/2026\/04\/WhatsApp-Image-2026-04-22-at-8.55.43-PM2-e1777493348654.jpeg\" alt=\"\" width=\"800\" height=\"610\" \/><\/p>\n<p style=\"text-align: justify;\"><span style=\"font-family: helvetica, arial, sans-serif; font-size: 18px;\">Por otra parte la mesa instalada busca fusionar la industria\u00a0\u00a0con la comunidad para convertir la industria en un centro de formaci\u00f3n y tecnolog\u00eda para la econom\u00eda local y as\u00ed impulsar el talento local hac\u00eda la excelencia t\u00e9cnica.<\/span><\/p>\n","protected":false},"excerpt":{"rendered":"<p>***La meta es dar respuestas a las necesidades formativas que existen dentro de las empresas p\u00fablicas y privadas<\/p>\n","protected":false},"author":15,"featured_media":71898,"comment_status":"closed","ping_status":"closed","sticky":false,"template":"","format":"standard","meta":{"footnotes":""},"categories":[2],"tags":[],"class_list":["post-71893","post","type-post","status-publish","format-standard","has-post-thumbnail","hentry","category-blog"],"_links":{"self":[{"href":"https:\/\/inces.gob.ve\/index.php\/wp-json\/wp\/v2\/posts\/71893","targetHints":{"allow":["GET"]}}],"collection":[{"href":"https:\/\/inces.gob.ve\/index.php\/wp-json\/wp\/v2\/posts"}],"about":[{"href":"https:\/\/inces.gob.ve\/index.php\/wp-json\/wp\/v2\/types\/post"}],"author":[{"embeddable":true,"href":"https:\/\/inces.gob.ve\/index.php\/wp-json\/wp\/v2\/users\/15"}],"replies":[{"embeddable":true,"href":"https:\/\/inces.gob.ve\/index.php\/wp-json\/wp\/v2\/comments?post=71893"}],"version-history":[{"count":3,"href":"https:\/\/inces.gob.ve\/index.php\/wp-json\/wp\/v2\/posts\/71893\/revisions"}],"predecessor-version":[{"id":71901,"href":"https:\/\/inces.gob.ve\/index.php\/wp-json\/wp\/v2\/posts\/71893\/revisions\/71901"}],"wp:featuredmedia":[{"embeddable":true,"href":"https:\/\/inces.gob.ve\/index.php\/wp-json\/wp\/v2\/media\/71898"}],"wp:attachment":[{"href":"https:\/\/inces.gob.ve\/index.php\/wp-json\/wp\/v2\/media?parent=71893"}],"wp:term":[{"taxonomy":"category","embeddable":true,"href":"https:\/\/inces.gob.ve\/index.php\/wp-json\/wp\/v2\/categories?post=71893"},{"taxonomy":"post_tag","embeddable":true,"href":"https:\/\/inces.gob.ve\/index.php\/wp-json\/wp\/v2\/tags?post=71893"}],"curies":[{"name":"wp","href":"https:\/\/api.w.org\/{rel}","templated":true}]}}