{"id":71902,"date":"2026-04-30T08:13:09","date_gmt":"2026-04-30T12:13:09","guid":{"rendered":"https:\/\/inces.gob.ve\/?p=71902"},"modified":"2026-04-30T08:13:09","modified_gmt":"2026-04-30T12:13:09","slug":"amazonas-inces-impulsa-la-formacion-tecnica-productiva-en-comunidades-de-carinagua","status":"publish","type":"post","link":"https:\/\/inces.gob.ve\/index.php\/2026\/04\/30\/amazonas-inces-impulsa-la-formacion-tecnica-productiva-en-comunidades-de-carinagua\/","title":{"rendered":"AMAZONAS | Inces\u00a0 impulsa la formaci\u00f3n t\u00e9cnica productiva en comunidades de Carinagua"},"content":{"rendered":"<p style=\"text-align: justify;\"><em><strong><span style=\"font-family: helvetica, arial, sans-serif; font-size: 18px;\">\u200e***\u00c1mbito comuna contin\u00faa formando abordando las diferentes comunidades del municipio Atures\u00a0<\/span><\/strong><\/em><br \/>\n<!--more--><\/p>\n<p>&nbsp;<\/p>\n<div dir=\"auto\">\n<div dir=\"auto\" style=\"text-align: justify;\"><span style=\"font-family: helvetica, arial, sans-serif; font-size: 18px;\">\u200eSiguiendo las directrices del presidente del Inces Wuikelman \u00c1ngel Paredes, a traves de la regencia regional de Inces Amazonas, liderada por Tom\u00e1s Vivas, con el fin de fortalecer capacidades socioproductivas se realiz\u00f3 un abordaje a la comuna agroecol\u00f3gica Alto Carinagua, el mismo con el objetivo de socializar una planificaci\u00f3n estrategicas de formaci\u00f3n t\u00e9cnica para los habitantes de esa regi\u00f3n.<\/span><\/div>\n<div dir=\"auto\" style=\"text-align: justify;\"><span style=\"font-family: helvetica, arial, sans-serif; font-size: 18px;\">\u200e<\/span><\/div>\n<div dir=\"auto\" style=\"text-align: justify;\"><span style=\"font-family: helvetica, arial, sans-serif; font-size: 18px;\">\u200eDurante el encuentro, se definieron las futuras formaciones en los perfiles productivos en \u00e1reas como; Carpinter\u00eda, Bancas y Finanzas as\u00ed como tambi\u00e9n Entrenador Deportivo; esta actividad cont\u00f3 con la participaci\u00f3n del ciudadano Jos\u00e9 Marchena, responsable por la comuna, quien actu\u00f3 como enlace y coordinador por parte de la comunidad.<\/span><\/div>\n<div dir=\"auto\" style=\"text-align: justify;\"><span style=\"font-family: helvetica, arial, sans-serif; font-size: 18px;\">\u200e<\/span><\/div>\n<div dir=\"auto\" style=\"text-align: justify;\"><span style=\"font-family: helvetica, arial, sans-serif; font-size: 18px;\">\u200eDe manera simult\u00e1nea, se dio inicio formal a la formaci\u00f3n en el perfil de Secretariado Administrativo, la cual cuenta con un total de 26 participantes. Esta formaci\u00f3n\u00a0 representa la primera etapa de un ciclo formativo dise\u00f1ado para la Comuna Ca\u00f1o Carinagua. <\/span><\/div>\n<div dir=\"auto\"><\/div>\n<div dir=\"auto\" style=\"text-align: justify;\"><span style=\"font-family: helvetica, arial, sans-serif; font-size: 18px;\">Dentro de la programaci\u00f3n prevista para los pr\u00f3ximos periodos en este sector, el Inces Amazonas tiene prop\u00f3sito activar los procesos formativos de Tejido de Chinchorro, Peluquer\u00eda, Elaboraci\u00f3n de Dulces a Base de Yuca, actividades formativas que desarrollar\u00e1n la economia local desde las bases comunales.<\/span><\/div>\n<\/div>\n","protected":false},"excerpt":{"rendered":"<p>\u200e***\u00c1mbito comuna contin\u00faa formando abordando las diferentes comunidades del municipio Atures\u00a0<\/p>\n","protected":false},"author":4,"featured_media":71903,"comment_status":"closed","ping_status":"closed","sticky":false,"template":"","format":"standard","meta":{"footnotes":""},"categories":[2],"tags":[],"class_list":["post-71902","post","type-post","status-publish","format-standard","has-post-thumbnail","hentry","category-blog"],"_links":{"self":[{"href":"https:\/\/inces.gob.ve\/index.php\/wp-json\/wp\/v2\/posts\/71902","targetHints":{"allow":["GET"]}}],"collection":[{"href":"https:\/\/inces.gob.ve\/index.php\/wp-json\/wp\/v2\/posts"}],"about":[{"href":"https:\/\/inces.gob.ve\/index.php\/wp-json\/wp\/v2\/types\/post"}],"author":[{"embeddable":true,"href":"https:\/\/inces.gob.ve\/index.php\/wp-json\/wp\/v2\/users\/4"}],"replies":[{"embeddable":true,"href":"https:\/\/inces.gob.ve\/index.php\/wp-json\/wp\/v2\/comments?post=71902"}],"version-history":[{"count":1,"href":"https:\/\/inces.gob.ve\/index.php\/wp-json\/wp\/v2\/posts\/71902\/revisions"}],"predecessor-version":[{"id":71904,"href":"https:\/\/inces.gob.ve\/index.php\/wp-json\/wp\/v2\/posts\/71902\/revisions\/71904"}],"wp:featuredmedia":[{"embeddable":true,"href":"https:\/\/inces.gob.ve\/index.php\/wp-json\/wp\/v2\/media\/71903"}],"wp:attachment":[{"href":"https:\/\/inces.gob.ve\/index.php\/wp-json\/wp\/v2\/media?parent=71902"}],"wp:term":[{"taxonomy":"category","embeddable":true,"href":"https:\/\/inces.gob.ve\/index.php\/wp-json\/wp\/v2\/categories?post=71902"},{"taxonomy":"post_tag","embeddable":true,"href":"https:\/\/inces.gob.ve\/index.php\/wp-json\/wp\/v2\/tags?post=71902"}],"curies":[{"name":"wp","href":"https:\/\/api.w.org\/{rel}","templated":true}]}}