{"id":71909,"date":"2026-04-30T14:24:51","date_gmt":"2026-04-30T18:24:51","guid":{"rendered":"https:\/\/inces.gob.ve\/?p=71909"},"modified":"2026-04-30T14:27:09","modified_gmt":"2026-04-30T18:27:09","slug":"anzoategui-inces-fortalece-la-formacion-tecnica-profesional-desde-las-empresas","status":"publish","type":"post","link":"https:\/\/inces.gob.ve\/index.php\/2026\/04\/30\/anzoategui-inces-fortalece-la-formacion-tecnica-profesional-desde-las-empresas\/","title":{"rendered":"ANZO\u00c1TEGUI | Inces fortalece la formaci\u00f3n t\u00e9cnica profesional desde las empresas"},"content":{"rendered":"<div dir=\"auto\" style=\"text-align: justify;\"><em><strong><span style=\"font-family: helvetica, arial, sans-serif; font-size: 18px;\">** Bajo la premisa\u00a0Formar Produciendo, la instituci\u00f3n estrecha lazos con diversos sectores productivos para garantizar la formaci\u00f3n profesional continua de la clase obrera trabajadora de las entidades<\/span><\/strong><\/em><\/div>\n<p><!--more--><\/p>\n<div dir=\"auto\" style=\"text-align: justify;\"><\/div>\n<div dir=\"auto\" style=\"text-align: justify;\"><span style=\"font-family: helvetica, arial, sans-serif; font-size: 18px;\">En aras de consolidar el Motor Industrial y potenciar el desarrollo econ\u00f3mico de la regi\u00f3n, el Instituto Nacional de Capacitaci\u00f3n y Educaci\u00f3n Socialista (Inces) en Anzo\u00e1tegui, sostuvo un importante encuentro con representantes de diversas empresas p\u00fablicas y privadas, para coordinar la ejecuci\u00f3n de procesos formativos directamente en los espacios laborales.<\/span><\/div>\n<div dir=\"auto\"><\/div>\n<div dir=\"auto\" style=\"text-align: justify;\"><\/div>\n<div dir=\"auto\"><img loading=\"lazy\" decoding=\"async\" class=\"aligncenter wp-image-71913 size-full\" src=\"https:\/\/inces.gob.ve\/wp-content\/uploads\/2026\/04\/1001185240-e1777573310317.jpg\" alt=\"\" width=\"700\" height=\"673\" \/><\/div>\n<div dir=\"auto\" style=\"text-align: justify;\"><span style=\"font-family: helvetica, arial, sans-serif; font-size: 18px;\">Esta jornada de planificaci\u00f3n busca profundizar la presencia del Inces dentro de las empresas, permitiendo que los trabajadores y trabajadoras accedan a programas de formaci\u00f3n t\u00e9cnica profesional sin abandonar sus puestos de responsabilidad. La estrategia responde a la necesidad de actualizar los perfiles productivos y acreditar los saberes emp\u00edricos de la fuerza laboral anzoatiguense.<\/span><\/div>\n<div dir=\"auto\"><\/div>\n<div dir=\"auto\"><\/div>\n<div dir=\"auto\"><img loading=\"lazy\" decoding=\"async\" class=\"aligncenter wp-image-71912 size-full\" src=\"https:\/\/inces.gob.ve\/wp-content\/uploads\/2026\/04\/1001185242-e1777573355458.jpg\" alt=\"\" width=\"800\" height=\"720\" \/><\/div>\n<div dir=\"auto\" style=\"text-align: justify;\"><\/div>\n<div dir=\"auto\" style=\"text-align: justify;\"><span style=\"font-family: helvetica, arial, sans-serif; font-size: 18px;\">Durante la reuni\u00f3n, se establecieron las rutas de atenci\u00f3n para la captaci\u00f3n y caracterizaci\u00f3n de las necesidades formativas de cada entidad, asegurando que cada formaci\u00f3n est\u00e9 alineada con las demandas reales del proceso social de trabajo. Con esta modalidad de Inces en la Empresa, la instituci\u00f3n facilita el acceso al conocimiento y promueve la excelencia en la producci\u00f3n de bienes y servicios.<\/span><\/div>\n<div dir=\"auto\"><\/div>\n<div dir=\"auto\"><\/div>\n<div dir=\"auto\"><img loading=\"lazy\" decoding=\"async\" class=\"aligncenter wp-image-71910 size-full\" src=\"https:\/\/inces.gob.ve\/wp-content\/uploads\/2026\/04\/1001185241-e1777573412307.jpg\" alt=\"\" width=\"800\" height=\"668\" \/><\/div>\n<div dir=\"auto\" style=\"text-align: justify;\"><\/div>\n<div dir=\"auto\" style=\"text-align: justify;\"><span style=\"font-family: helvetica, arial, sans-serif; font-size: 18px;\">El equipo regional del Inces destac\u00f3 que estas acciones forman parte de un despliegue integral que busca democratizar la educaci\u00f3n t\u00e9cnica, entendiendo que el lugar de trabajo es el escenario ideal para el aprendizaje significativo y el empoderamiento de la clase trabajadora.<\/span><\/div>\n<div class=\"yj6qo\" style=\"text-align: justify;\"><\/div>\n<div class=\"adL\" dir=\"auto\"><\/div>\n","protected":false},"excerpt":{"rendered":"<p>** Bajo la premisa\u00a0Formar Produciendo, la instituci\u00f3n estrecha lazos con diversos sectores productivos para garantizar la formaci\u00f3n profesional continua de la clase obrera trabajadora de las entidades<\/p>\n","protected":false},"author":15,"featured_media":71911,"comment_status":"closed","ping_status":"closed","sticky":false,"template":"","format":"standard","meta":{"footnotes":""},"categories":[2],"tags":[],"class_list":["post-71909","post","type-post","status-publish","format-standard","has-post-thumbnail","hentry","category-blog"],"_links":{"self":[{"href":"https:\/\/inces.gob.ve\/index.php\/wp-json\/wp\/v2\/posts\/71909","targetHints":{"allow":["GET"]}}],"collection":[{"href":"https:\/\/inces.gob.ve\/index.php\/wp-json\/wp\/v2\/posts"}],"about":[{"href":"https:\/\/inces.gob.ve\/index.php\/wp-json\/wp\/v2\/types\/post"}],"author":[{"embeddable":true,"href":"https:\/\/inces.gob.ve\/index.php\/wp-json\/wp\/v2\/users\/15"}],"replies":[{"embeddable":true,"href":"https:\/\/inces.gob.ve\/index.php\/wp-json\/wp\/v2\/comments?post=71909"}],"version-history":[{"count":1,"href":"https:\/\/inces.gob.ve\/index.php\/wp-json\/wp\/v2\/posts\/71909\/revisions"}],"predecessor-version":[{"id":71914,"href":"https:\/\/inces.gob.ve\/index.php\/wp-json\/wp\/v2\/posts\/71909\/revisions\/71914"}],"wp:featuredmedia":[{"embeddable":true,"href":"https:\/\/inces.gob.ve\/index.php\/wp-json\/wp\/v2\/media\/71911"}],"wp:attachment":[{"href":"https:\/\/inces.gob.ve\/index.php\/wp-json\/wp\/v2\/media?parent=71909"}],"wp:term":[{"taxonomy":"category","embeddable":true,"href":"https:\/\/inces.gob.ve\/index.php\/wp-json\/wp\/v2\/categories?post=71909"},{"taxonomy":"post_tag","embeddable":true,"href":"https:\/\/inces.gob.ve\/index.php\/wp-json\/wp\/v2\/tags?post=71909"}],"curies":[{"name":"wp","href":"https:\/\/api.w.org\/{rel}","templated":true}]}}