{"id":71915,"date":"2026-04-30T14:41:12","date_gmt":"2026-04-30T18:41:12","guid":{"rendered":"https:\/\/inces.gob.ve\/?p=71915"},"modified":"2026-04-30T14:59:26","modified_gmt":"2026-04-30T18:59:26","slug":"falcon-inces-despliega-abordaje-integral-en-13-municipios-de-falcon-para-fortalecer-la-formacion-tecnica-profesional","status":"publish","type":"post","link":"https:\/\/inces.gob.ve\/index.php\/2026\/04\/30\/falcon-inces-despliega-abordaje-integral-en-13-municipios-de-falcon-para-fortalecer-la-formacion-tecnica-profesional\/","title":{"rendered":"FALC\u00d3N | Inces despliega abordaje integral en 13 municipios de Falc\u00f3n para fortalecer la formaci\u00f3n t\u00e9cnica profesional"},"content":{"rendered":"<div dir=\"auto\" style=\"text-align: justify;\"><em><strong><span style=\"font-family: helvetica, arial, sans-serif; font-size: 18px;\">**Los resultados de la acci\u00f3n se presentaron ante el Consejo de Gesti\u00f3n Regional\u00a0<\/span><\/strong><\/em><\/div>\n<p><!--more--><\/p>\n<div dir=\"auto\" style=\"text-align: justify;\"><\/div>\n<div dir=\"auto\" style=\"text-align: justify;\"><span style=\"font-family: helvetica, arial, sans-serif; font-size: 18px;\">MIRIAM GONZ\u00c1LEZ VILLARROEL<\/span><\/div>\n<div dir=\"auto\"><\/div>\n<div dir=\"auto\" style=\"text-align: justify;\"><span style=\"font-family: helvetica, arial, sans-serif; font-size: 18px;\">En un esfuerzo sin precedentes por territorializar la educaci\u00f3n t\u00e9cnica y potenciar el desarrollo productivo de la regi\u00f3n, el Instituto Nacional de Capacitaci\u00f3n y Educaci\u00f3n Socialista (Inces) ejecut\u00f3 en una primera fase, un abordaje integral en 13 municipios del estado Falc\u00f3n, dando cumplimiento a las 5 lineas estrategicas de la instituci\u00f3n, vinculadas a las\u00a0 (7T) del Plan de la Patria 2025-2031.<\/span><\/div>\n<div dir=\"auto\"><\/div>\n<div dir=\"auto\"><\/div>\n<div dir=\"auto\"><img loading=\"lazy\" decoding=\"async\" class=\"aligncenter wp-image-71922 size-full\" src=\"https:\/\/inces.gob.ve\/wp-content\/uploads\/2026\/04\/IMG-20260423-WA0091-e1777574134345.jpg\" alt=\"\" width=\"800\" height=\"372\" \/><\/div>\n<div dir=\"auto\" style=\"text-align: justify;\"><\/div>\n<div dir=\"auto\" style=\"text-align: justify;\"><span style=\"font-family: helvetica, arial, sans-serif; font-size: 18px;\">La jornada recorri\u00f3 los municipios Federaci\u00f3n, Democracia, Falc\u00f3n, Los Taques, Carirubana, Bol\u00edvar, Zamora, Mauroa, Dabajuro, Buchivacoa, Toc\u00f3pero, Acosta y Colina;\u00a0 teniendo como prop\u00f3sito, establecer encuentros productivos con autoridades locales, organizaciones de base, entidades de trabajo,\u00a0 Comunas, Poder Popular y centros educativos.<\/span><\/div>\n<div dir=\"auto\"><\/div>\n<div dir=\"auto\"><\/div>\n<div dir=\"auto\"><img loading=\"lazy\" decoding=\"async\" class=\"aligncenter wp-image-71919 size-full\" src=\"https:\/\/inces.gob.ve\/wp-content\/uploads\/2026\/04\/IMG-20260423-WA00651-e1777574219664.jpg\" alt=\"\" width=\"800\" height=\"464\" \/><\/div>\n<div dir=\"auto\" style=\"text-align: justify;\"><\/div>\n<div dir=\"auto\" style=\"text-align: justify;\"><span style=\"font-family: helvetica, arial, sans-serif; font-size: 18px;\">En el despliegue donde particip\u00f3, la\u00a0 gerente regional,\u00a0 Eneyda Mart\u00ednez Rodr\u00edguez,\u00a0 tambi\u00e9n cont\u00f3 con el apoyo de los jefes de los centros de formaci\u00f3n socialistas, coordinadores de programas, apoyos docentes, maestros t\u00e9cnicos productivos y voluntarios; igualmente, los responsables del \u00e1mbito Unidades Educativas en los municipios.\u00a0\u00a0<\/span><\/div>\n<div dir=\"auto\"><\/div>\n<div dir=\"auto\"><img loading=\"lazy\" decoding=\"async\" class=\"aligncenter wp-image-71920 size-full\" src=\"https:\/\/inces.gob.ve\/wp-content\/uploads\/2026\/04\/IMG-20260423-WA0066-e1777574264190.jpg\" alt=\"\" width=\"800\" height=\"419\" \/><\/div>\n<div dir=\"auto\" style=\"text-align: justify;\"><\/div>\n<div dir=\"auto\" style=\"text-align: justify;\"><span style=\"font-family: helvetica, arial, sans-serif; font-size: 18px;\">La gerente regional del Inces Falc\u00f3n, Eneyda Mart\u00ednez Rodr\u00edguez, destac\u00f3 la importancia de esta movilizaci\u00f3n que busca estrechar lazos entre la instituci\u00f3n y las fuerzas vivas de cada territorio. \u00abBuscamos aportar valor a las instituciones a trav\u00e9s del conocimiento t\u00e9cnico y fortalecer el desempe\u00f1o del talento humano que hace vida en estas zonas del estado Falc\u00f3n\u00bb, expres\u00f3 Mart\u00ednez, resaltando que la formaci\u00f3n t\u00e9cnica es el motor principal para la transformaci\u00f3n social y econ\u00f3mica.<\/span><\/div>\n<div dir=\"auto\"><\/div>\n<div dir=\"auto\"><\/div>\n<div dir=\"auto\" style=\"text-align: justify;\"><img loading=\"lazy\" decoding=\"async\" class=\"aligncenter wp-image-71921 size-full\" src=\"https:\/\/inces.gob.ve\/wp-content\/uploads\/2026\/04\/IMG-20260426-WA00121-e1777574300588.jpg\" alt=\"\" width=\"800\" height=\"600\" \/><\/div>\n<div dir=\"auto\" style=\"text-align: justify;\"><span style=\"font-family: helvetica, arial, sans-serif; font-size: 18px;\">Precis\u00f3, durante los recorridos, se consolidaron mesas de trabajo con alcaldes, presidentes de C\u00e1maras Municipales y directores de despacho; representantes del Poder Comunal y Unidades Educativas. Estos encuentros permitieron establecer acuerdos estrat\u00e9gicos para atender de forma inmediata en cada uno de sus territorios a las comunas socialistas, una vez culminado el diagn\u00f3stico de necesidades formativas en cada entidad.<\/span><\/div>\n<div dir=\"auto\"><\/div>\n<div dir=\"auto\"><\/div>\n<div dir=\"auto\" style=\"text-align: justify;\"><\/div>\n<div dir=\"auto\" style=\"text-align: justify;\"><span style=\"font-family: helvetica, arial, sans-serif; font-size: 18px;\">En el \u00e1mbito escolar, el equipo del Inces, sostuvo reuniones con el personal directivo, docente y estudiantes de diversos liceos y unidades educativas. El objetivo fue orientar sobre la vinculaci\u00f3n de los perfiles productivos que ofrece el Inces y las opciones formativas que realizan los j\u00f3venes a trav\u00e9s de lis grupos de Creaci\u00f3n,\u00a0 Recreaci\u00f3n y Producci\u00f3n (CRP), facilitando la transici\u00f3n de los j\u00f3venes al mundo laboral, como parte del del Plan para el Mundo del Trabajo Bachilleres 2025-2026.<\/span><\/div>\n<div dir=\"auto\"><\/div>\n<div dir=\"auto\"><\/div>\n<div dir=\"auto\" style=\"text-align: justify;\"><img loading=\"lazy\" decoding=\"async\" class=\"aligncenter wp-image-71918 size-full\" src=\"https:\/\/inces.gob.ve\/wp-content\/uploads\/2026\/04\/IMG-20260425-WA0077-e1777574346584.jpg\" alt=\"\" width=\"800\" height=\"446\" \/><\/div>\n<div dir=\"auto\" style=\"text-align: justify;\"><span style=\"font-family: helvetica, arial, sans-serif; font-size: 18px;\">Asimismo, se present\u00f2 el cat\u00e1logo de formaciones Inces 2026 a las entidades de trabajo, con la finalidad de elevar la productividad y la actualizaci\u00f3n de conocimientos de los trabajadores en todos los rincones de la geograf\u00eda falconiana.<\/span><\/div>\n<div dir=\"auto\"><\/div>\n<div dir=\"auto\"><\/div>\n<div dir=\"auto\" style=\"text-align: justify;\"><\/div>\n<div dir=\"auto\" style=\"text-align: justify;\"><span style=\"font-family: helvetica, arial, sans-serif; font-size: 18px;\">La gerente del Inces, al cierre de este primer abordaje, extendi\u00f3 una felicitaci\u00f3n p\u00fablica a los equipos de trabajo que hicieron posible estos resultados. \u00abGracias a las alianzas estrat\u00e9gicas, al compromiso voluntario y la responsabilidad institucional, se lograron cumplir los objetivos planteados, demostrando que el Inces contin\u00faa avanzando con determinaci\u00f3n hacia una gesti\u00f3n eficiente y cercana al pueblo\u00bb.<\/span><\/div>\n","protected":false},"excerpt":{"rendered":"<p>**Los resultados de la acci\u00f3n se presentaron ante el Consejo de Gesti\u00f3n Regional\u00a0<\/p>\n","protected":false},"author":15,"featured_media":71916,"comment_status":"closed","ping_status":"closed","sticky":false,"template":"","format":"standard","meta":{"footnotes":""},"categories":[2],"tags":[],"class_list":["post-71915","post","type-post","status-publish","format-standard","has-post-thumbnail","hentry","category-blog"],"_links":{"self":[{"href":"https:\/\/inces.gob.ve\/index.php\/wp-json\/wp\/v2\/posts\/71915","targetHints":{"allow":["GET"]}}],"collection":[{"href":"https:\/\/inces.gob.ve\/index.php\/wp-json\/wp\/v2\/posts"}],"about":[{"href":"https:\/\/inces.gob.ve\/index.php\/wp-json\/wp\/v2\/types\/post"}],"author":[{"embeddable":true,"href":"https:\/\/inces.gob.ve\/index.php\/wp-json\/wp\/v2\/users\/15"}],"replies":[{"embeddable":true,"href":"https:\/\/inces.gob.ve\/index.php\/wp-json\/wp\/v2\/comments?post=71915"}],"version-history":[{"count":1,"href":"https:\/\/inces.gob.ve\/index.php\/wp-json\/wp\/v2\/posts\/71915\/revisions"}],"predecessor-version":[{"id":71923,"href":"https:\/\/inces.gob.ve\/index.php\/wp-json\/wp\/v2\/posts\/71915\/revisions\/71923"}],"wp:featuredmedia":[{"embeddable":true,"href":"https:\/\/inces.gob.ve\/index.php\/wp-json\/wp\/v2\/media\/71916"}],"wp:attachment":[{"href":"https:\/\/inces.gob.ve\/index.php\/wp-json\/wp\/v2\/media?parent=71915"}],"wp:term":[{"taxonomy":"category","embeddable":true,"href":"https:\/\/inces.gob.ve\/index.php\/wp-json\/wp\/v2\/categories?post=71915"},{"taxonomy":"post_tag","embeddable":true,"href":"https:\/\/inces.gob.ve\/index.php\/wp-json\/wp\/v2\/tags?post=71915"}],"curies":[{"name":"wp","href":"https:\/\/api.w.org\/{rel}","templated":true}]}}