{"id":71924,"date":"2026-04-30T15:10:02","date_gmt":"2026-04-30T19:10:02","guid":{"rendered":"https:\/\/inces.gob.ve\/?p=71924"},"modified":"2026-04-30T15:16:57","modified_gmt":"2026-04-30T19:16:57","slug":"zulia-inces-crea-ruta-formativa-para-mas-de-3-700-trabajadores-de-la-empresa-privada","status":"publish","type":"post","link":"https:\/\/inces.gob.ve\/index.php\/2026\/04\/30\/zulia-inces-crea-ruta-formativa-para-mas-de-3-700-trabajadores-de-la-empresa-privada\/","title":{"rendered":"ZULIA |  Inces crea ruta formativa para m\u00e1s de 3.700 trabajadores de la empresa privada"},"content":{"rendered":"<div id=\":xe\" class=\"ii gt\">\n<div id=\":t4\" class=\"a3s aiL \">\n<div id=\"avWBGd-238\">\n<div dir=\"ltr\">\n<div class=\"gmail_quote\">\n<div dir=\"auto\">\n<div dir=\"auto\" style=\"text-align: justify;\"><em><strong><span style=\"font-family: helvetica, arial, sans-serif; font-size: 18px;\">** Hasta ahora se han establecido alianzas con m\u00e1s de 30 empresas, captando la participaci\u00f3n de 3.705 trabajadores y trabajadoras. Se espera que esta semana contin\u00faen las mesas de trabajo, ampliando el \u00e1mbito de atenci\u00f3n<\/span><\/strong><\/em><\/div>\n<div dir=\"auto\" style=\"text-align: justify;\"><\/div>\n<\/div>\n<\/div>\n<\/div>\n<\/div>\n<\/div>\n<\/div>\n<p><!--more--><\/p>\n<div id=\":r4\" class=\"hq gt \"><\/div>\n<div>\n<div dir=\"auto\">\n<div dir=\"auto\" style=\"text-align: justify;\"><span style=\"font-family: helvetica, arial, sans-serif; font-size: 18px;\">La Gerencia Regional del Inces Zulia ha sostenido, durante todo el mes de abril, reuniones con responsables de Talento Humano y capacitaci\u00f3n de diferentes empresas, con el fin de ofrecer al sector privado formaciones que fortalezcan los procesos t\u00e9cnicos y socio productivos de la clase trabajadora y la entidad de trabajo, captando hasta ahora 3.705 trabajadores y trabajadoras.<\/span><\/div>\n<div dir=\"auto\"><\/div>\n<\/div>\n<\/div>\n<div dir=\"auto\"><\/div>\n<div dir=\"auto\"><\/div>\n<div>\n<div dir=\"auto\">\n<div dir=\"auto\" style=\"text-align: justify;\"><img loading=\"lazy\" decoding=\"async\" class=\"aligncenter wp-image-71936 size-full\" src=\"https:\/\/inces.gob.ve\/wp-content\/uploads\/2026\/04\/IMAGEN-MEJORADA-00004--e1777576481225.jpeg\" alt=\"\" width=\"800\" height=\"602\" \/><\/div>\n<div dir=\"auto\" style=\"text-align: justify;\"><span style=\"font-family: helvetica, arial, sans-serif; font-size: 18px;\">Asimismo, la semana pasada se inici\u00f3 la instalaci\u00f3n de la Mesa Interinstitucional para el Sistema de Formaci\u00f3n y Capacitaci\u00f3n T\u00e9cnica Profesional para la Industria y la Comuna, a trav\u00e9s de la cual se han atendido a las compa\u00f1\u00edas: Bituplast y Grupo Pinytex; destacando que la Mesa la conforman, adem\u00e1s del Inces Zulia: el Ministerio de Comercio, la Secretar\u00eda de Comercio Exterior de la Gobernaci\u00f3n Bolivariana del estado Zulia, el Ministerio para el Proceso Social del Trabajo, los Centros de Encuentro para la Educaci\u00f3n y el Trabajo (CEET), el Instituto Nacional de Prevenci\u00f3n, Salud y Seguridad Laborales (INPSASEL) y el Servicio Desconcentrado de Normalizaci\u00f3n, Calidad, Metrolog\u00eda y Reglamentos T\u00e9cnicos (Sencamer).<\/span><\/div>\n<\/div>\n<\/div>\n<div dir=\"auto\"><\/div>\n<div dir=\"auto\" style=\"text-align: justify;\"><\/div>\n<div dir=\"auto\"><img loading=\"lazy\" decoding=\"async\" class=\"aligncenter wp-image-71930 size-full\" src=\"https:\/\/inces.gob.ve\/wp-content\/uploads\/2026\/04\/1003488958-e1777575906699.jpg\" alt=\"\" width=\"800\" height=\"550\" \/><\/div>\n<div>\n<div dir=\"auto\">\n<div dir=\"auto\" style=\"text-align: justify;\"><span style=\"font-family: helvetica, arial, sans-serif; font-size: 18px;\">Igualmente, se ha logrado articular con: la Alcald\u00eda Bolivariana del municipio Maracaibo, Multimax, Galletera Independencia, Mercasa, Grupo Serex, Av\u00edcola La Rosita, Corporaci\u00f3n Matrix (Airtek), y la Cl\u00ednica Para\u00edso.\u00a0<\/span><\/div>\n<div dir=\"auto\"><\/div>\n<div dir=\"auto\"><\/div>\n<\/div>\n<\/div>\n<div dir=\"auto\" style=\"text-align: justify;\"><img loading=\"lazy\" decoding=\"async\" class=\"aligncenter wp-image-71929 size-full\" src=\"https:\/\/inces.gob.ve\/wp-content\/uploads\/2026\/04\/1003451375-scaled-e1777576001684.jpg\" alt=\"\" width=\"800\" height=\"605\" \/><\/div>\n<div>\n<div dir=\"auto\">\n<div dir=\"auto\" style=\"text-align: justify;\"><span style=\"font-family: helvetica, arial, sans-serif; font-size: 18px;\">Cabe se\u00f1alar, que luego de conocer las necesidades formativas y productivas de la organizaci\u00f3n y la instalaci\u00f3n de la Mesa Insterinstirucional, se realiza la caracterizaci\u00f3n de participantes y la planificaci\u00f3n de las rutas formativas y plan de trabajo, fase en la cual se encuentran hasta ahora las estrategias de organizaci\u00f3n; para finalizar con el monitoreo, certificaci\u00f3n y evaluaci\u00f3n del proceso.<\/span><\/div>\n<div dir=\"auto\"><\/div>\n<div dir=\"auto\"><\/div>\n<div dir=\"auto\" style=\"text-align: justify;\"><img loading=\"lazy\" decoding=\"async\" class=\"aligncenter wp-image-71927 size-full\" src=\"https:\/\/inces.gob.ve\/wp-content\/uploads\/2026\/04\/1003459516-scaled-e1777576102240.jpg\" alt=\"\" width=\"800\" height=\"506\" \/><\/div>\n<div dir=\"auto\"><\/div>\n<div dir=\"auto\" style=\"text-align: justify;\"><span style=\"font-family: helvetica, arial, sans-serif; font-size: 18px;\">Adem\u00e1s de las empresas visitadas, el Inces Zulia tiene en agenda la instalaci\u00f3n de mesas de trabajo en: Industria Salinera C.A. (INDUSACA), SOLMICO, AMESA y Constructores Venezolanos C.A. (CONVECA), estrechando lazos que profundizan el crecimiento de las entidades de trabajo, a trav\u00e9s de la capacitaci\u00f3n de la clase trabajadora, la cual se constituye en motor esencial del desarrollo del pa\u00eds.<\/span><\/div>\n<\/div>\n<div class=\"yj6qo\" style=\"text-align: justify;\"><\/div>\n<div class=\"adL\"><\/div>\n<\/div>\n","protected":false},"excerpt":{"rendered":"<p>** Hasta ahora se han establecido alianzas con m\u00e1s de 30 empresas, captando la participaci\u00f3n de 3.705 trabajadores y trabajadoras. Se espera que esta semana contin\u00faen las mesas de trabajo, ampliando el \u00e1mbito de atenci\u00f3n<\/p>\n","protected":false},"author":15,"featured_media":71925,"comment_status":"closed","ping_status":"closed","sticky":false,"template":"","format":"standard","meta":{"footnotes":""},"categories":[2],"tags":[],"class_list":["post-71924","post","type-post","status-publish","format-standard","has-post-thumbnail","hentry","category-blog"],"_links":{"self":[{"href":"https:\/\/inces.gob.ve\/index.php\/wp-json\/wp\/v2\/posts\/71924","targetHints":{"allow":["GET"]}}],"collection":[{"href":"https:\/\/inces.gob.ve\/index.php\/wp-json\/wp\/v2\/posts"}],"about":[{"href":"https:\/\/inces.gob.ve\/index.php\/wp-json\/wp\/v2\/types\/post"}],"author":[{"embeddable":true,"href":"https:\/\/inces.gob.ve\/index.php\/wp-json\/wp\/v2\/users\/15"}],"replies":[{"embeddable":true,"href":"https:\/\/inces.gob.ve\/index.php\/wp-json\/wp\/v2\/comments?post=71924"}],"version-history":[{"count":5,"href":"https:\/\/inces.gob.ve\/index.php\/wp-json\/wp\/v2\/posts\/71924\/revisions"}],"predecessor-version":[{"id":71937,"href":"https:\/\/inces.gob.ve\/index.php\/wp-json\/wp\/v2\/posts\/71924\/revisions\/71937"}],"wp:featuredmedia":[{"embeddable":true,"href":"https:\/\/inces.gob.ve\/index.php\/wp-json\/wp\/v2\/media\/71925"}],"wp:attachment":[{"href":"https:\/\/inces.gob.ve\/index.php\/wp-json\/wp\/v2\/media?parent=71924"}],"wp:term":[{"taxonomy":"category","embeddable":true,"href":"https:\/\/inces.gob.ve\/index.php\/wp-json\/wp\/v2\/categories?post=71924"},{"taxonomy":"post_tag","embeddable":true,"href":"https:\/\/inces.gob.ve\/index.php\/wp-json\/wp\/v2\/tags?post=71924"}],"curies":[{"name":"wp","href":"https:\/\/api.w.org\/{rel}","templated":true}]}}