{"id":259,"count":1,"description":"","link":"https:\/\/inces.gob.ve\/index.php\/tag\/formaciontecnicaprofesionalpoliticapublica\/","name":"#Formaci\u00f3nT\u00e9cnicaProfesionalPol\u00edticaP\u00fablica","slug":"formaciontecnicaprofesionalpoliticapublica","taxonomy":"post_tag","meta":[],"_links":{"self":[{"href":"https:\/\/inces.gob.ve\/index.php\/wp-json\/wp\/v2\/tags\/259","targetHints":{"allow":["GET"]}}],"collection":[{"href":"https:\/\/inces.gob.ve\/index.php\/wp-json\/wp\/v2\/tags"}],"about":[{"href":"https:\/\/inces.gob.ve\/index.php\/wp-json\/wp\/v2\/taxonomies\/post_tag"}],"wp:post_type":[{"href":"https:\/\/inces.gob.ve\/index.php\/wp-json\/wp\/v2\/posts?tags=259"}],"curies":[{"name":"wp","href":"https:\/\/api.w.org\/{rel}","templated":true}]}}