{"id":53,"count":1,"description":"","link":"https:\/\/inces.gob.ve\/index.php\/tag\/el-inces-guaireno-se-suma-a-la-celebracion-de-los-60-anos-de-la-institucion\/","name":"El Inces guaire\u00f1o se suma a la celebraci\u00f3n de los 60 a\u00f1os de la instituci\u00f3n","slug":"el-inces-guaireno-se-suma-a-la-celebracion-de-los-60-anos-de-la-institucion","taxonomy":"post_tag","meta":[],"_links":{"self":[{"href":"https:\/\/inces.gob.ve\/index.php\/wp-json\/wp\/v2\/tags\/53","targetHints":{"allow":["GET"]}}],"collection":[{"href":"https:\/\/inces.gob.ve\/index.php\/wp-json\/wp\/v2\/tags"}],"about":[{"href":"https:\/\/inces.gob.ve\/index.php\/wp-json\/wp\/v2\/taxonomies\/post_tag"}],"wp:post_type":[{"href":"https:\/\/inces.gob.ve\/index.php\/wp-json\/wp\/v2\/posts?tags=53"}],"curies":[{"name":"wp","href":"https:\/\/api.w.org\/{rel}","templated":true}]}}